{"id":260,"date":"2015-01-09T08:15:31","date_gmt":"2015-01-09T08:15:31","guid":{"rendered":"http:\/\/hekla.nu\/?p=260"},"modified":"2015-01-09T08:15:31","modified_gmt":"2015-01-09T08:15:31","slug":"yttrandefrihet","status":"publish","type":"post","link":"https:\/\/hekla.nu\/?p=260","title":{"rendered":"Yttrandefrihet"},"content":{"rendered":"<p>Jag \u00e4r helt f\u00f6r att det ska finnas h\u00f6jd.<br \/>\nDock finns det en fundamental skillnad mellan kritik inifr\u00e5n och kritik utifr\u00e5n.<\/p>\n<p>V\u00e4stv\u00e4rlden \u00e4r kristen, \u00e4ven om m\u00e5nga lever sekul\u00e4rt, framf\u00f6r allt i Sverige.<\/p>\n<p>Det g\u00f6r att det \u00e4r ett angrepp p\u00e5 det som aktivt p\u00e5verkar v\u00e5r vardag, det \u00e4r helt enkelt en del av en aktiv samh\u00e4llsdebatt.<br \/>\nMotsvarande niv\u00e5 \u00e4r att kritisera och f\u00f6rd\u00f6ma muslimer somf f\u00f6rs\u00f6ker uppr\u00e4tth\u00e5lla Sharia eller betvingar sina barn att g\u00f6ra saker som inte passar i ett v\u00e4sterl\u00e4ndskt samh\u00e4lle.<\/p>\n<p>N\u00e4r vi angriper kulturella f\u00f6reteelser som kommer utifr\u00e5n och som inte direkt p\u00e5verkar oss?<\/p>\n<p>Det \u00e4r ett annat fenomen.<\/p>\n<p>Jag s\u00e4ger inte att det inte kan g\u00f6ras v\u00e4l, jag tycker exempelvis att South Park har h\u00e5llit en ganska god ton vad g\u00e4ller Muhammed (\u00e4ven om deras senaste avsnitt tyv\u00e4rr blev censurerat) just f\u00f6r att de kritiserar det med viss takt.<\/p>\n<p>F\u00f6r att dra en analogi, jag driver ofta r\u00e4tt mycket med min fru och hennes vanor, jag driver \u00e4ven med mina syskon och f\u00f6r\u00e4ldrar. Detta \u00e4r ok f\u00f6r att det g\u00f6rs utifr\u00e5n ett fundament av att jag \u00e4lskar dem.<br \/>\nOm andra sa samma saker som jag sa till dem skulle jag f\u00f6rsvara dem och bli f\u00f6rbannad.<\/p>\n<p>Externt och internt lyder under olika regler.<\/p>\n","protected":false},"excerpt":{"rendered":"<p>Jag \u00e4r helt f\u00f6r att det ska finnas h\u00f6jd. Dock finns det en fundamental skillnad mellan kritik inifr\u00e5n och kritik utifr\u00e5n. V\u00e4stv\u00e4rlden \u00e4r kristen, \u00e4ven om m\u00e5nga lever sekul\u00e4rt, framf\u00f6r allt i Sverige. Det g\u00f6r att det \u00e4r ett angrepp p\u00e5 det som aktivt p\u00e5verkar v\u00e5r vardag, det \u00e4r helt enkelt en del av en&hellip;<\/p>\n","protected":false},"author":1,"featured_media":0,"comment_status":"closed","ping_status":"open","sticky":false,"template":"","format":"standard","meta":[],"categories":[1],"tags":[],"_links":{"self":[{"href":"https:\/\/hekla.nu\/index.php?rest_route=\/wp\/v2\/posts\/260"}],"collection":[{"href":"https:\/\/hekla.nu\/index.php?rest_route=\/wp\/v2\/posts"}],"about":[{"href":"https:\/\/hekla.nu\/index.php?rest_route=\/wp\/v2\/types\/post"}],"author":[{"embeddable":true,"href":"https:\/\/hekla.nu\/index.php?rest_route=\/wp\/v2\/users\/1"}],"replies":[{"embeddable":true,"href":"https:\/\/hekla.nu\/index.php?rest_route=%2Fwp%2Fv2%2Fcomments&post=260"}],"version-history":[{"count":1,"href":"https:\/\/hekla.nu\/index.php?rest_route=\/wp\/v2\/posts\/260\/revisions"}],"predecessor-version":[{"id":261,"href":"https:\/\/hekla.nu\/index.php?rest_route=\/wp\/v2\/posts\/260\/revisions\/261"}],"wp:attachment":[{"href":"https:\/\/hekla.nu\/index.php?rest_route=%2Fwp%2Fv2%2Fmedia&parent=260"}],"wp:term":[{"taxonomy":"category","embeddable":true,"href":"https:\/\/hekla.nu\/index.php?rest_route=%2Fwp%2Fv2%2Fcategories&post=260"},{"taxonomy":"post_tag","embeddable":true,"href":"https:\/\/hekla.nu\/index.php?rest_route=%2Fwp%2Fv2%2Ftags&post=260"}],"curies":[{"name":"wp","href":"https:\/\/api.w.org\/{rel}","templated":true}]}}